{"id":261,"date":"2021-06-11T11:09:30","date_gmt":"2021-06-11T09:09:30","guid":{"rendered":"https:\/\/www.ndpo.fr\/elementaire\/?p=261"},"modified":"2021-06-17T10:55:57","modified_gmt":"2021-06-17T08:55:57","slug":"le-festisol-a-lecole-dans-la-classe-de-cp","status":"publish","type":"post","link":"https:\/\/www.ndpo.fr\/elementaire\/2021\/06\/11\/le-festisol-a-lecole-dans-la-classe-de-cp\/","title":{"rendered":"Le Festisol \u00e0 l\u2019\u00e9cole dans la classe de CP"},"content":{"rendered":"\n<p>Le Festisol est le festival des solidarit\u00e9s. Il est un \u00e9v\u00e9nement d\u2019Education \u00e0 la citoyennet\u00e9 et \u00e0 la Solidarit\u00e9 Internationale.&nbsp;<\/p>\n\n\n\n<p>Le 10 mai 2021, la classe de Cp a particip\u00e9 \u00e0 une animation avec le Festisol. Les \u00e9l\u00e8ves ont \u00e9t\u00e9 impliqu\u00e9s dans une action solidaire concernant le Mali.&nbsp;<\/p>\n\n\n\n<p>Deux dames, la pr\u00e9sidente de l\u2019association \u00ab Avec et pour le Mali \u00bb et une repr\u00e9sentante de la municipalit\u00e9 d\u2019Orchies sont venues en classe pour nous faire d\u00e9couvrir le monde qui nous entoure, nous informer et nous faire r\u00e9fl\u00e9chir aux enjeux du d\u00e9veloppement durable.&nbsp;<\/p>\n\n\n\n<p>En effet, dans un premier temps, ces dames nous ont fait d\u00e9couvrir ce pays en nous faisant voyager par le biais de photos et d\u2019objets. Nous avons remarqu\u00e9 que le mode de vie \u00e9tait diff\u00e9rent : tenues vestimentaires, \u00e9cole, environnement \u2026&nbsp;<\/p>\n\n\n\n<p>Elles nous ont fait remarquer \u00e9galement que l\u2019eau n\u2019\u00e9tait pas courante dans la vie de tous les jours et qu\u2019il fallait faire des kilom\u00e8tres pour en avoir.&nbsp;<\/p>\n\n\n\n<p>De ce fait, au vu des circonstances du covid, le protocole sanitaire est difficile \u00e0 mettre en place. C\u2019est pour cela qu\u2019une action est men\u00e9e afin de r\u00e9colter des dons en faveur de l\u2019\u00e9cole de Kourou au Mali pour qu\u2019il puisse mettre des bombonnes d\u2019eau \u00e0 disposition. Ainsi, les enfants du Mali pourront se laver les mains r\u00e9guli\u00e8rement.&nbsp;<\/p>\n\n\n\n<p>Les \u00e9l\u00e8ves de CP ont \u00e9t\u00e9 alors sensibilis\u00e9s sur l\u2019importance de l\u2019eau.&nbsp;<\/p>\n\n\n\n<p>Puis, dans un second temps, les \u00e9l\u00e8ves ont rev\u00eatu leur habit de po\u00e8te et ont fait une activit\u00e9 d\u2019\u00e9criture autour de l\u2019eau et de la libert\u00e9.&nbsp;<\/p>\n\n\n\n<p>Cette activit\u00e9 est le SLAM , cr\u00e9ation d\u2019une po\u00e9sie orale. Les enfants ont pris plaisir \u00e0 les \u00e9crire.&nbsp;<\/p>\n\n\n\n<p>Et voil\u00e0 le r\u00e9sultat !<\/p>\n\n\n\n<figure class=\"wp-block-table\"><table><tbody><tr><td class=\"has-text-align-left\" data-align=\"left\">L\u2019eau, c\u2019est la vieSouffle&nbsp;&nbsp;le ventLes enfants rientEt imitent l\u2018\u00e9l\u00e9phantTout en s\u2019amusant.&nbsp;<br><em><span class=\"has-inline-color has-very-dark-gray-color\">&nbsp;<\/span><span class=\"has-inline-color has-cyan-bluish-gray-color\">Ecrit par Justine , Lucas, Liham ,Florentin, Lison,L\u00e9onie, Cl\u00e9ment L, Laure, Ian, Cl\u00e9ment R, Hugo, Just\u00e9, Eliott<\/span><\/em><\/td><td>Libre comme un poisson dans l\u2019eau.Libre comme un chat qui court partout.Libre comme un oiseau qui vole haut.Libre comme l\u2019enfant qui dort avec son doudou.Ensemble, comme les fourmis, on est plus fort.&nbsp;<br><span class=\"has-inline-color has-cyan-bluish-gray-color\">&nbsp;<em>Ecrit par Lina, Camille, Leya,Ka\u00efs,Oscar, Antoine, Maxine, Jules , Cyriac, Louis, Mathis, Am\u00e9lya, Auguste&nbsp;<\/em><\/span><br><br><br><br><\/td><\/tr><\/tbody><\/table><\/figure>\n\n\n\n<div class=\"wp-block-image\"><figure class=\"aligncenter size-large is-resized\"><img loading=\"lazy\" decoding=\"async\" src=\"https:\/\/www.ndpo.fr\/app\/uploads\/sites\/6\/2021\/06\/image.jpeg\" alt=\"\" class=\"wp-image-262\" width=\"447\" height=\"243\" srcset=\"https:\/\/www.ndpo.fr\/app\/uploads\/sites\/6\/2021\/06\/image.jpeg 309w, https:\/\/www.ndpo.fr\/app\/uploads\/sites\/6\/2021\/06\/image-300x163.jpeg 300w\" sizes=\"auto, (max-width: 447px) 100vw, 447px\" \/><\/figure><\/div>\n\n\n\n<p><\/p>\n","protected":false},"excerpt":{"rendered":"<p>Le Festisol est le festival des solidarit\u00e9s. Il est un \u00e9v\u00e9nement d\u2019Education \u00e0 la citoyennet\u00e9 et \u00e0 la Solidarit\u00e9 Internationale.&nbsp; Le 10 mai 2021, la classe de Cp&#8230;<\/p>\n","protected":false},"author":2,"featured_media":262,"comment_status":"open","ping_status":"open","sticky":false,"template":"","format":"standard","meta":{"footnotes":""},"categories":[41],"tags":[],"class_list":["post-261","post","type-post","status-publish","format-standard","has-post-thumbnail","hentry","category-cp"],"_links":{"self":[{"href":"https:\/\/www.ndpo.fr\/elementaire\/wp-json\/wp\/v2\/posts\/261","targetHints":{"allow":["GET"]}}],"collection":[{"href":"https:\/\/www.ndpo.fr\/elementaire\/wp-json\/wp\/v2\/posts"}],"about":[{"href":"https:\/\/www.ndpo.fr\/elementaire\/wp-json\/wp\/v2\/types\/post"}],"author":[{"embeddable":true,"href":"https:\/\/www.ndpo.fr\/elementaire\/wp-json\/wp\/v2\/users\/2"}],"replies":[{"embeddable":true,"href":"https:\/\/www.ndpo.fr\/elementaire\/wp-json\/wp\/v2\/comments?post=261"}],"version-history":[{"count":2,"href":"https:\/\/www.ndpo.fr\/elementaire\/wp-json\/wp\/v2\/posts\/261\/revisions"}],"predecessor-version":[{"id":430,"href":"https:\/\/www.ndpo.fr\/elementaire\/wp-json\/wp\/v2\/posts\/261\/revisions\/430"}],"wp:featuredmedia":[{"embeddable":true,"href":"https:\/\/www.ndpo.fr\/elementaire\/wp-json\/wp\/v2\/media\/262"}],"wp:attachment":[{"href":"https:\/\/www.ndpo.fr\/elementaire\/wp-json\/wp\/v2\/media?parent=261"}],"wp:term":[{"taxonomy":"category","embeddable":true,"href":"https:\/\/www.ndpo.fr\/elementaire\/wp-json\/wp\/v2\/categories?post=261"},{"taxonomy":"post_tag","embeddable":true,"href":"https:\/\/www.ndpo.fr\/elementaire\/wp-json\/wp\/v2\/tags?post=261"}],"curies":[{"name":"wp","href":"https:\/\/api.w.org\/{rel}","templated":true}]}}